{"id":1508,"date":"2019-01-01T14:26:02","date_gmt":"2019-01-01T14:26:02","guid":{"rendered":"http:\/\/www.evangeliques-corse.com\/?p=1508"},"modified":"2019-01-01T14:26:23","modified_gmt":"2019-01-01T14:26:23","slug":"paci-e-saluta-a-tutti-in-ghjesu","status":"publish","type":"post","link":"http:\/\/www.evangeliques-corse.com\/?p=1508","title":{"rendered":"Paci E Saluta \u00e0 Tutti in Ghj\u00e9s\u00f9"},"content":{"rendered":"\n<figure class=\"wp-block-image\"><img loading=\"lazy\" decoding=\"async\" width=\"1024\" height=\"622\" src=\"http:\/\/www.evangeliques-corse.com\/wp-content\/uploads\/2018\/12\/VOEUX-SITEv2-1024x622.jpg\" alt=\"\" class=\"wp-image-1505\" srcset=\"http:\/\/www.evangeliques-corse.com\/wp-content\/uploads\/2018\/12\/VOEUX-SITEv2-1024x622.jpg 1024w, http:\/\/www.evangeliques-corse.com\/wp-content\/uploads\/2018\/12\/VOEUX-SITEv2-300x182.jpg 300w, http:\/\/www.evangeliques-corse.com\/wp-content\/uploads\/2018\/12\/VOEUX-SITEv2-768x467.jpg 768w\" sizes=\"auto, (max-width: 1024px) 100vw, 1024px\" \/><\/figure>\n","protected":false},"excerpt":{"rendered":"","protected":false},"author":1,"featured_media":1505,"comment_status":"closed","ping_status":"closed","sticky":false,"template":"","format":"standard","meta":{"colormag_page_layout":"default_layout","_exactmetrics_skip_tracking":false,"_exactmetrics_sitenote_active":false,"_exactmetrics_sitenote_note":"","_exactmetrics_sitenote_category":0,"footnotes":""},"categories":[33,19,18],"tags":[],"class_list":["post-1508","post","type-post","status-publish","format-standard","has-post-thumbnail","hentry","category-evenement","category-news","category-nouveau"],"_links":{"self":[{"href":"http:\/\/www.evangeliques-corse.com\/index.php?rest_route=\/wp\/v2\/posts\/1508","targetHints":{"allow":["GET"]}}],"collection":[{"href":"http:\/\/www.evangeliques-corse.com\/index.php?rest_route=\/wp\/v2\/posts"}],"about":[{"href":"http:\/\/www.evangeliques-corse.com\/index.php?rest_route=\/wp\/v2\/types\/post"}],"author":[{"embeddable":true,"href":"http:\/\/www.evangeliques-corse.com\/index.php?rest_route=\/wp\/v2\/users\/1"}],"replies":[{"embeddable":true,"href":"http:\/\/www.evangeliques-corse.com\/index.php?rest_route=%2Fwp%2Fv2%2Fcomments&post=1508"}],"version-history":[{"count":1,"href":"http:\/\/www.evangeliques-corse.com\/index.php?rest_route=\/wp\/v2\/posts\/1508\/revisions"}],"predecessor-version":[{"id":1509,"href":"http:\/\/www.evangeliques-corse.com\/index.php?rest_route=\/wp\/v2\/posts\/1508\/revisions\/1509"}],"wp:featuredmedia":[{"embeddable":true,"href":"http:\/\/www.evangeliques-corse.com\/index.php?rest_route=\/wp\/v2\/media\/1505"}],"wp:attachment":[{"href":"http:\/\/www.evangeliques-corse.com\/index.php?rest_route=%2Fwp%2Fv2%2Fmedia&parent=1508"}],"wp:term":[{"taxonomy":"category","embeddable":true,"href":"http:\/\/www.evangeliques-corse.com\/index.php?rest_route=%2Fwp%2Fv2%2Fcategories&post=1508"},{"taxonomy":"post_tag","embeddable":true,"href":"http:\/\/www.evangeliques-corse.com\/index.php?rest_route=%2Fwp%2Fv2%2Ftags&post=1508"}],"curies":[{"name":"wp","href":"https:\/\/api.w.org\/{rel}","templated":true}]}}