{"id":201,"date":"2017-09-03T15:53:19","date_gmt":"2017-09-03T15:53:19","guid":{"rendered":"http:\/\/www.evangeliques-corse.com\/?p=201"},"modified":"2017-10-03T12:37:35","modified_gmt":"2017-10-03T12:37:35","slug":"corse-jesus-taime","status":"publish","type":"post","link":"http:\/\/www.evangeliques-corse.com\/?p=201","title":{"rendered":"CJA 2017"},"content":{"rendered":"<p>Retrouvez toute les informations li\u00e9e \u00e0 Corse J\u00e9sus t&rsquo;Aime 2017<br \/>\n<!--more--><img loading=\"lazy\" decoding=\"async\" class=\"alignnone wp-image-92 size-large\" src=\"http:\/\/www.evangeliques-corse.com\/wp-content\/uploads\/2017\/07\/AFFICHESA3--1024x724.jpg\" alt=\"\" width=\"1024\" height=\"724\" \/> <img loading=\"lazy\" decoding=\"async\" class=\"alignnone wp-image-139 size-large\" src=\"http:\/\/www.evangeliques-corse.com\/wp-content\/uploads\/2017\/09\/PROGRAMME-RECTO-1024x724.jpg\" alt=\"\" width=\"1024\" height=\"724\" \/> <img loading=\"lazy\" decoding=\"async\" class=\"alignnone wp-image-140 size-large\" src=\"http:\/\/www.evangeliques-corse.com\/wp-content\/uploads\/2017\/09\/PROGRAMME-VERSO-1024x724.jpg\" alt=\"\" width=\"1024\" height=\"724\" \/><\/p>\n","protected":false},"excerpt":{"rendered":"<p>Retrouvez toute les informations li\u00e9e \u00e0 Corse J\u00e9sus t&rsquo;Aime 2017<\/p>\n","protected":false},"author":1,"featured_media":479,"comment_status":"closed","ping_status":"closed","sticky":false,"template":"","format":"standard","meta":{"colormag_page_layout":"default_layout","_exactmetrics_skip_tracking":false,"_exactmetrics_sitenote_active":false,"_exactmetrics_sitenote_note":"","_exactmetrics_sitenote_category":0,"footnotes":""},"categories":[33,18],"tags":[],"class_list":["post-201","post","type-post","status-publish","format-standard","has-post-thumbnail","hentry","category-evenement","category-nouveau"],"_links":{"self":[{"href":"http:\/\/www.evangeliques-corse.com\/index.php?rest_route=\/wp\/v2\/posts\/201","targetHints":{"allow":["GET"]}}],"collection":[{"href":"http:\/\/www.evangeliques-corse.com\/index.php?rest_route=\/wp\/v2\/posts"}],"about":[{"href":"http:\/\/www.evangeliques-corse.com\/index.php?rest_route=\/wp\/v2\/types\/post"}],"author":[{"embeddable":true,"href":"http:\/\/www.evangeliques-corse.com\/index.php?rest_route=\/wp\/v2\/users\/1"}],"replies":[{"embeddable":true,"href":"http:\/\/www.evangeliques-corse.com\/index.php?rest_route=%2Fwp%2Fv2%2Fcomments&post=201"}],"version-history":[{"count":5,"href":"http:\/\/www.evangeliques-corse.com\/index.php?rest_route=\/wp\/v2\/posts\/201\/revisions"}],"predecessor-version":[{"id":763,"href":"http:\/\/www.evangeliques-corse.com\/index.php?rest_route=\/wp\/v2\/posts\/201\/revisions\/763"}],"wp:featuredmedia":[{"embeddable":true,"href":"http:\/\/www.evangeliques-corse.com\/index.php?rest_route=\/wp\/v2\/media\/479"}],"wp:attachment":[{"href":"http:\/\/www.evangeliques-corse.com\/index.php?rest_route=%2Fwp%2Fv2%2Fmedia&parent=201"}],"wp:term":[{"taxonomy":"category","embeddable":true,"href":"http:\/\/www.evangeliques-corse.com\/index.php?rest_route=%2Fwp%2Fv2%2Fcategories&post=201"},{"taxonomy":"post_tag","embeddable":true,"href":"http:\/\/www.evangeliques-corse.com\/index.php?rest_route=%2Fwp%2Fv2%2Ftags&post=201"}],"curies":[{"name":"wp","href":"https:\/\/api.w.org\/{rel}","templated":true}]}}